{"id":1242,"date":"2021-09-26T01:26:17","date_gmt":"2021-09-25T23:26:17","guid":{"rendered":"https:\/\/wemigrants.com\/index.php\/2021\/09\/26\/sag-ihre-namen\/"},"modified":"2021-09-26T01:26:21","modified_gmt":"2021-09-25T23:26:21","slug":"sag-ihre-namen","status":"publish","type":"post","link":"https:\/\/wemigrants.com\/index.php\/2021\/09\/26\/sag-ihre-namen\/?lang=de","title":{"rendered":"Sag ihre Namen"},"content":{"rendered":"\n<p>Hanau ist eine Stadt mit etwa 100.000 Einwohnern in Hessen, Deutschland. Am 19. Februar 2020 \u00e4nderte sich das Leben von neun Familien f\u00fcr immer, als sie ihre Angeh\u00f6rigen in Hanau durch einen rassistischen und rechtsextremen Angriff verloren. Seit diesem Datum ist Hanau der Ort eines der gr\u00f6\u00dften Hassverbrechen in Deutschland.<\/p>\n\n<p>Ein Rechtsextremist erschoss 9 junge Menschen, haupts\u00e4chlich Migranten, Roma oder Deutsche mit Migrationshintergrund, dann seine Mutter und sich selbst. Der Vater des Attent\u00e4ters teilt seine Weltanschauung und war am letzten Tatort, wurde aber nicht offiziell untersucht.<br\/>Die Schie\u00dfereien fanden am 19. Februar 2020 gegen 22:00 Uhr Ortszeit in und vor zwei Shisha-Bars statt &#8211; in der Midnight Bar am zentralen Platz in Hanau und in der Arena Bar &amp; Caf\u00e9 in Kesselstadt.<br\/>Das Massaker wurde vom deutschen Innenminister als terroristischer Akt bezeichnet. Der Rechtsextremist hatte keine Verbindung zu einer terroristischen Organisation oder extremistischen Gruppe.<\/p>\n\n<h4 class=\"wp-block-heading\">Sagt ihre Namen und sagt sie laut<\/h4>\n\n<figure class=\"wp-block-image size-large\"><img data-recalc-dims=\"1\" fetchpriority=\"high\" decoding=\"async\" width=\"750\" height=\"563\" src=\"https:\/\/i0.wp.com\/wemigrants.com\/wp-content\/uploads\/2021\/02\/IMG-20210219-WA0014.jpg?resize=750%2C563\" alt=\"\" class=\"wp-image-972\" srcset=\"https:\/\/i0.wp.com\/wemigrants.com\/wp-content\/uploads\/2021\/02\/IMG-20210219-WA0014.jpg?resize=1024%2C768&amp;ssl=1 1024w, https:\/\/i0.wp.com\/wemigrants.com\/wp-content\/uploads\/2021\/02\/IMG-20210219-WA0014.jpg?resize=300%2C225&amp;ssl=1 300w, https:\/\/i0.wp.com\/wemigrants.com\/wp-content\/uploads\/2021\/02\/IMG-20210219-WA0014.jpg?resize=768%2C576&amp;ssl=1 768w, https:\/\/i0.wp.com\/wemigrants.com\/wp-content\/uploads\/2021\/02\/IMG-20210219-WA0014.jpg?resize=1536%2C1152&amp;ssl=1 1536w, https:\/\/i0.wp.com\/wemigrants.com\/wp-content\/uploads\/2021\/02\/IMG-20210219-WA0014.jpg?resize=555%2C416&amp;ssl=1 555w, https:\/\/i0.wp.com\/wemigrants.com\/wp-content\/uploads\/2021\/02\/IMG-20210219-WA0014.jpg?w=1600&amp;ssl=1 1600w\" sizes=\"(max-width: 750px) 100vw, 750px\" \/><figcaption>von der kleinen Gedenkst\u00e4tte, die Mitglieder von Wemigrants auf dem Pferdemarkt organisiert haben<\/figcaption><\/figure>\n<ul class=\"wp-block-list\"><li><strong>G\u00f6khan G\u00fcltekin<\/strong>, 37, wurde in Hanau als Sohn kurdischer Eltern geboren. Er war gelernter Maurer und arbeitete Teilzeit als Kellner.<\/li><li><strong>Sedat G\u00fcrb\u00fcz<\/strong>, 29, war einer der Partner der Shisha-Bar Midnight.<\/li><li><strong>Said Nesar Hashemi<\/strong>, 21, war ein Deutscher mit afghanischen Eltern und wuchs in Hanau auf. Er war gelernter Maschinenf\u00fchrer.<\/li><li><strong>Mercedes Kierpacz<\/strong>, 35, war ein Deutscher aus der Gemeinschaft der Roma mit polnischen Wurzeln. Sie war Mutter zweier Kinder.<\/li><li><strong>Hamza Kurtovi\u0107<\/strong>, 22 wurde, wie sein Vater und seine drei Geschwister, in Deutschland geboren. Ihre Vorfahren stammten aus Prijedor in Bosnien und Herzegowina, dem damaligen Jugoslawien.<\/li><li><strong>Vili Viorel P\u0103un<\/strong>, 22, stammt aus Rum\u00e4nien, geh\u00f6rt zur Gemeinschaft der Roma und ist das einzige Kind seiner Eltern. Er kam als 16-J\u00e4hriger nach Deutschland, um Geld f\u00fcr die medizinische Behandlung seiner Mutter zu verdienen. Er arbeitete f\u00fcr einen Kurierdienst.<\/li><li><strong>Fatih Sara\u00e7o\u011flu<\/strong>, 34, war drei Jahre zuvor von Regensburg nach Hanau gezogen. Er starb in der Midnight-Shisha-Bar.<\/li><li><strong>Ferhat Unvar<\/strong>, 23, wurde als Kind kurdischer Eltern in Deutschland geboren und wuchs dort auf. Er hatte gerade eine Lehre als Gas- und Wasserinstallateur abgeschlossen.<\/li><li><strong>Kaloyan Velkov<\/strong>, 33, war ein Bulgare aus der \u00f6rtlichen Roma-Gemeinschaft und lebte seit zwei Jahren in Deutschland. Er war der Wirt der Bar La Votre neben der Shisha-Bar Midnight und hinterlie\u00df einen kleinen Sohn.<\/li><\/ul>\n<p>Aber all diese kleinen Details hinter ihren Namen sagen nichts \u00fcber ihre Tr\u00e4ume, ihre Liebe zu anderen oder ihre Pl\u00e4ne f\u00fcr ihr Leben aus. All das verschwand aufgrund des Hasses, der die Seele des Einzelnen beherrscht und der durch den strukturellen Rassismus verursacht und akzeptiert wird.<br\/>Was bleibt, sind ihre Namen und ihre verzweifelten Familien, die immer noch f\u00fcr Gerechtigkeit, Aufkl\u00e4rung und Konsequenzen k\u00e4mpfen. wir d\u00fcrfen ihre Namen nicht vergessen, und dass Hanau \u00fcberall ist. Wir d\u00fcrfen nicht vergessen, dass Rassismus t\u00f6dlich ist und sich in den Strukturen von Beh\u00f6rden, Institutionen und in der Gesellschaft ausbreitet.<br\/>Deshalb beschlossen ein Jahr sp\u00e4ter viele B\u00fcrger in verschiedenen St\u00e4dten Deutschlands, der Opfer und der Trag\u00f6die zu gedenken, indem sie kleine Veranstaltungen organisierten und die Gesichter der Ermordeten zeigten.<\/p>\n\n<h4 class=\"wp-block-heading\">Gedenktag in Oldenburg<\/h4>\n\n<p>In Oldenburg hat eine Gruppe von Organisationen beschlossen, den Opfern auf ihre Weise die Ehre zu erweisen.<\/p>\n\n<figure class=\"wp-block-image size-large\"><img data-recalc-dims=\"1\" decoding=\"async\" width=\"750\" height=\"750\" src=\"https:\/\/i0.wp.com\/wemigrants.com\/wp-content\/uploads\/2021\/02\/151263775_692584104751467_7676180553446448588_o.png?resize=750%2C750\" alt=\"\" class=\"wp-image-977\" srcset=\"https:\/\/i0.wp.com\/wemigrants.com\/wp-content\/uploads\/2021\/02\/151263775_692584104751467_7676180553446448588_o.png?resize=1024%2C1024&amp;ssl=1 1024w, https:\/\/i0.wp.com\/wemigrants.com\/wp-content\/uploads\/2021\/02\/151263775_692584104751467_7676180553446448588_o.png?resize=300%2C300&amp;ssl=1 300w, https:\/\/i0.wp.com\/wemigrants.com\/wp-content\/uploads\/2021\/02\/151263775_692584104751467_7676180553446448588_o.png?resize=150%2C150&amp;ssl=1 150w, https:\/\/i0.wp.com\/wemigrants.com\/wp-content\/uploads\/2021\/02\/151263775_692584104751467_7676180553446448588_o.png?resize=768%2C768&amp;ssl=1 768w, https:\/\/i0.wp.com\/wemigrants.com\/wp-content\/uploads\/2021\/02\/151263775_692584104751467_7676180553446448588_o.png?resize=100%2C100&amp;ssl=1 100w, https:\/\/i0.wp.com\/wemigrants.com\/wp-content\/uploads\/2021\/02\/151263775_692584104751467_7676180553446448588_o.png?resize=555%2C555&amp;ssl=1 555w, https:\/\/i0.wp.com\/wemigrants.com\/wp-content\/uploads\/2021\/02\/151263775_692584104751467_7676180553446448588_o.png?resize=560%2C560&amp;ssl=1 560w, https:\/\/i0.wp.com\/wemigrants.com\/wp-content\/uploads\/2021\/02\/151263775_692584104751467_7676180553446448588_o.png?w=1280&amp;ssl=1 1280w\" sizes=\"(max-width: 750px) 100vw, 750px\" \/><figcaption>Eine Karte der Seebr\u00fccke Oldenburg mit der Darstellung der Gedenkst\u00e4tten und der beteiligten Organisationen<\/figcaption><\/figure>\n<p><br\/>Jede Gruppe w\u00e4hlte einen \u00f6ffentlichen Ort und die Art und Weise, wie sie die Toten ehren wollte. \u201cWe Migrants\u201d mussten daran teilhaben und wir waren Zwei unserer Mitglieder, Seedy und Shanice, organisierten eine Gedenkst\u00e4tte auf dem Pferdemarkt mit Bildern der Verstorbenen, Blumen und Kerzen. Obwohl es ein Arbeitstag war, kamen die Leute vorbei, schauten, fragten und informierten sich.<\/p>\n\n<figure class=\"wp-block-embed is-type-video is-provider-youtube wp-block-embed-youtube wp-embed-aspect-16-9 wp-has-aspect-ratio\"><div class=\"wp-block-embed__wrapper\">\n<iframe title=\"Hanau memorial Day in Oldenburg 2021\" width=\"750\" height=\"422\" src=\"https:\/\/www.youtube.com\/embed\/mWEItHGUNE4?feature=oembed\" frameborder=\"0\" allow=\"accelerometer; autoplay; clipboard-write; encrypted-media; gyroscope; picture-in-picture\" allowfullscreen><\/iframe>\n<\/div><figcaption>Ein Video mit Bildern der verschiedenen Organisationen, die an verschiedenen Orten in Oldenburg der Opfer gedenken<\/figcaption><\/figure>\n\n<p><br\/>Auch die anderen teilnehmenden Organisationen in Oldenburg hatten in ihren Gedenkst\u00e4tten den gleichen Erfolg, obwohl f\u00fcr uns alle die Corona-Situation die Anfahrt zu den Gedenkst\u00e4tten erschwerte. Abst\u00e4nde sollten eingehalten werden und Masken waren Pflicht. Dennoch waren die Menschen interessiert und beteiligten sich am Gedenken an die Opfer und am Kampf gegen Rassismus, Diskriminierung und Hass. Rassistischer Terror, der sich aus Ungleichheit, Unwissenheit und auch aus politischen Parteien oder Gruppen speist, die in die Angst vor dem Unbekannten investieren, um politische Macht zu erlangen.<\/p>\n\n<figure class=\"wp-block-image size-large\"><img data-recalc-dims=\"1\" decoding=\"async\" width=\"662\" height=\"1024\" src=\"https:\/\/i0.wp.com\/wemigrants.com\/wp-content\/uploads\/2021\/02\/Oldenburg-newspaper.jpg?resize=662%2C1024\" alt=\"\" class=\"wp-image-967\" srcset=\"https:\/\/i0.wp.com\/wemigrants.com\/wp-content\/uploads\/2021\/02\/Oldenburg-newspaper.jpg?resize=662%2C1024&amp;ssl=1 662w, https:\/\/i0.wp.com\/wemigrants.com\/wp-content\/uploads\/2021\/02\/Oldenburg-newspaper.jpg?resize=194%2C300&amp;ssl=1 194w, https:\/\/i0.wp.com\/wemigrants.com\/wp-content\/uploads\/2021\/02\/Oldenburg-newspaper.jpg?resize=555%2C858&amp;ssl=1 555w, https:\/\/i0.wp.com\/wemigrants.com\/wp-content\/uploads\/2021\/02\/Oldenburg-newspaper.jpg?w=720&amp;ssl=1 720w\" sizes=\"(max-width: 662px) 100vw, 662px\" \/><figcaption>Screenshot der Erstausgabe in der Lokalzeitung<\/figcaption><\/figure>\n<p>Manchmal k\u00f6nnen auch &#8220;kleine unschuldige&#8221; Fehler, wie der bei einer Lokalzeitung in Oldenburg, Zweifel sch\u00fcren und den Hass am Leben erhalten. Normalerweise w\u00fcrden wir uns nicht darauf beziehen, aber es ist ein sch\u00f6nes Beispiel daf\u00fcr, wie wir in solchen F\u00e4llen reagieren sollten. In einem Artikel der Oldenburger Lokalzeitung, in dem die Gedenkveranstaltung vorgestellt wurde, wurde der Anschlag als rechtsextremer und rassistischer Anschlag dargestellt. Es war einer! Nicht, weil wir es sagen, sondern weil es offiziell als eins ausgesprochen wurde. Es k\u00f6nnte sich um einen ehrlichen Fehler von jemandem handeln, der ohne jegliche Kenntnis des Falles berichtet hat, aber dennoch erwarten wir von Fachleuten mehr. Nach Beschwerden der Organisatoren der Veranstaltungen \u00e4nderte die Zeitung den Satz auf ihrer Internet-Seite. Hier gibt es eine Lektion zu lernen. Verzichten Sie niemals auf Ihre Rechte, indem Sie schweigen.<\/p>\n\n<p><br\/>Wir als \u201cWe Migrants\u201d versuchen, an jeder Veranstaltung teilzunehmen, die das friedliche Zusammenleben zwischen den Menschen f\u00f6rdert, egal welches Geschlecht, welchen Hintergrund, welche Religion, welche Kultur sie haben. In erster Linie sind wir alle Menschen. Deshalb beklagen wir uns, dass so etwas nur passieren kann, wenn nichts dagegen unternommen wird.<br\/>Wir versuchen also, etwas dagegen zu tun, indem wir an jeder Veranstaltung teilnehmen, die sich gegen Gewalt, Diskriminierung, Rassismus und Sexismus richtet.<\/p>\n\n<p>Wir fordern auch die Migranten, die diesen Artikel lesen, auf, sich in ihren eigenen St\u00e4dten an Aktionen wie dieser zu beteiligen. Wir m\u00fcssen geh\u00f6rt werden, wir m\u00fcssen gesehen werden. Wenn wir uns in unseren kleinen Gemeinden verstecken, hilft uns das nicht bei der Integration in dem Land, das uns aufnimmt. Wir sind ein lebendiger Teil davon, und als solcher m\u00fcssen wir uns beteiligen und auch gegen Dinge vorgehen, die uns nicht das Gef\u00fchl geben, dass wir hierher geh\u00f6ren.<\/p>\n","protected":false},"excerpt":{"rendered":"<p>Hanau ist eine Stadt mit etwa 100.000 Einwohnern in Hessen, Deutschland. Am 19. Februar 2020 \u00e4nderte sich das Leben von neun Familien f\u00fcr immer, als sie ihre Angeh\u00f6rigen in Hanau durch einen rassistischen und rechtsextremen [&hellip;]<\/p>\n","protected":false},"author":1,"featured_media":982,"comment_status":"open","ping_status":"open","sticky":false,"template":"","format":"standard","meta":{"_jetpack_memberships_contains_paid_content":false,"footnotes":""},"categories":[99],"tags":[107,106,108,105,109],"class_list":["post-1242","post","type-post","status-publish","format-standard","has-post-thumbnail","hentry","category-aktivismus","tag-gedenktag","tag-hanau-de","tag-rechtsextremismus","tag-sag-ihre-namen","tag-volksverhetzung"],"jetpack_featured_media_url":"https:\/\/i0.wp.com\/wemigrants.com\/wp-content\/uploads\/2021\/02\/projection.jpg?fit=960%2C736&ssl=1","jetpack-related-posts":[],"jetpack_sharing_enabled":true,"_links":{"self":[{"href":"https:\/\/wemigrants.com\/index.php\/wp-json\/wp\/v2\/posts\/1242","targetHints":{"allow":["GET"]}}],"collection":[{"href":"https:\/\/wemigrants.com\/index.php\/wp-json\/wp\/v2\/posts"}],"about":[{"href":"https:\/\/wemigrants.com\/index.php\/wp-json\/wp\/v2\/types\/post"}],"author":[{"embeddable":true,"href":"https:\/\/wemigrants.com\/index.php\/wp-json\/wp\/v2\/users\/1"}],"replies":[{"embeddable":true,"href":"https:\/\/wemigrants.com\/index.php\/wp-json\/wp\/v2\/comments?post=1242"}],"version-history":[{"count":3,"href":"https:\/\/wemigrants.com\/index.php\/wp-json\/wp\/v2\/posts\/1242\/revisions"}],"predecessor-version":[{"id":1245,"href":"https:\/\/wemigrants.com\/index.php\/wp-json\/wp\/v2\/posts\/1242\/revisions\/1245"}],"wp:featuredmedia":[{"embeddable":true,"href":"https:\/\/wemigrants.com\/index.php\/wp-json\/wp\/v2\/media\/982"}],"wp:attachment":[{"href":"https:\/\/wemigrants.com\/index.php\/wp-json\/wp\/v2\/media?parent=1242"}],"wp:term":[{"taxonomy":"category","embeddable":true,"href":"https:\/\/wemigrants.com\/index.php\/wp-json\/wp\/v2\/categories?post=1242"},{"taxonomy":"post_tag","embeddable":true,"href":"https:\/\/wemigrants.com\/index.php\/wp-json\/wp\/v2\/tags?post=1242"}],"curies":[{"name":"wp","href":"https:\/\/api.w.org\/{rel}","templated":true}]}}