{"id":1246,"date":"2021-09-26T10:46:58","date_gmt":"2021-09-26T08:46:58","guid":{"rendered":"https:\/\/wemigrants.com\/index.php\/2021\/09\/26\/aktionsplan-fuer-integration-und-eingliederung-2021-2027\/"},"modified":"2021-09-26T10:46:59","modified_gmt":"2021-09-26T08:46:59","slug":"aktionsplan-fuer-integration-und-eingliederung-2021-2027","status":"publish","type":"post","link":"https:\/\/wemigrants.com\/index.php\/2021\/09\/26\/aktionsplan-fuer-integration-und-eingliederung-2021-2027\/?lang=de","title":{"rendered":"Aktionsplan f\u00fcr Integration und Eingliederung 2021-2027"},"content":{"rendered":"\t\t<div data-elementor-type=\"wp-post\" data-elementor-id=\"1246\" class=\"elementor elementor-1246 elementor-865\" data-elementor-settings=\"{&quot;ha_cmc_init_switcher&quot;:&quot;no&quot;}\" data-elementor-post-type=\"post\">\n\t\t\t\t\t\t<section class=\"elementor-section elementor-top-section elementor-element elementor-element-85438ef elementor-section-boxed elementor-section-height-default elementor-section-height-default\" data-id=\"85438ef\" data-element_type=\"section\" data-e-type=\"section\" data-settings=\"{&quot;_ha_eqh_enable&quot;:false}\">\n\t\t\t\t\t\t<div class=\"elementor-container elementor-column-gap-default\">\n\t\t\t\t\t<div class=\"elementor-column elementor-col-100 elementor-top-column elementor-element elementor-element-5f63640\" data-id=\"5f63640\" data-element_type=\"column\" data-e-type=\"column\">\n\t\t\t<div class=\"elementor-widget-wrap elementor-element-populated\">\n\t\t\t\t\t\t<div class=\"elementor-element elementor-element-6605c8f elementor-widget elementor-widget-text-editor\" data-id=\"6605c8f\" data-element_type=\"widget\" data-e-type=\"widget\" data-widget_type=\"text-editor.default\">\n\t\t\t\t<div class=\"elementor-widget-container\">\n\t\t\t\t\t\t\t\t\t<p>Am 24<sup>.<\/sup> November ver\u00f6ffentlichte die Kommission ihre Leitlinien f\u00fcr Integration und Inklusion f\u00fcr den Zeitraum 2021-2027 mit dem Titel <a href=\"https:\/\/ec.europa.eu\/home-affairs\/sites\/homeaffairs\/files\/pdf\/action_plan_on_integration_and_inclusion_2021-2027.pdf\" target=\"_blank\" rel=\"noopener\"><span style=\"font-size: medium;\"><span style=\"font-family: Liberation Serif, serif;\"><b>Aktionsplan f\u00fcr Integration und Eingliederung 2021-2027<\/b><\/span><\/span><\/a><span style=\"font-family: Liberation Serif, serif;\"><span style=\"font-size: medium;\">  . Der Plan ist nicht mehr als ein Leitfaden f\u00fcr die Mitgliedsstaaten, wie sie eine bessere Eingliederung erreichen k\u00f6nnen. <\/span><\/span><span style=\"font-family: Liberation Serif, serif;\"><span style=\"font-size: medium;\">und Integration <\/span><\/span><span style=\"font-family: Liberation Serif, serif;\"><span style=\"font-size: medium;\">f\u00fcr ethnische Gruppen wie EU-B\u00fcrger, Migranten aus 3d-L\u00e4ndern oder\/und Roma, LGBTQ+ Personen.<\/span><\/span><\/p>\n<p><span style=\"font-family: Liberation Serif, serif;\"><span style=\"font-size: medium;\">D<\/span><\/span><span style=\"font-family: Liberation Serif, serif;\"><span style=\"font-size: medium;\">er Aktionsplan ist der neue Plan, der auf den f\u00fcr den Zeitraum 2016-2020 herausgegebenen Plan folgt. Ich h\u00e4tte zwar erwartet, dass ein <\/span><\/span><span style=\"font-family: Liberation Serif, serif;\"><span style=\"font-size: medium;\">Bericht, in dem die Ergebnisse des vorherigen Aktionsplans vorgestellt wurden, m\u00f6chte ich mich mit einigen Grafiken begn\u00fcgen, die die Situation der Migranten in der EU zeigen.<br \/><\/span><\/span><\/p>\n\t\t\t\t\t\t\t\t<\/div>\n\t\t\t\t<\/div>\n\t\t\t\t\t<\/div>\n\t\t<\/div>\n\t\t\t\t\t<\/div>\n\t\t<\/section>\n\t\t\t\t<section class=\"elementor-section elementor-top-section elementor-element elementor-element-1d162ae elementor-section-boxed elementor-section-height-default elementor-section-height-default\" data-id=\"1d162ae\" data-element_type=\"section\" data-e-type=\"section\" data-settings=\"{&quot;_ha_eqh_enable&quot;:false}\">\n\t\t\t\t\t\t<div class=\"elementor-container elementor-column-gap-default\">\n\t\t\t\t\t<div class=\"elementor-column elementor-col-100 elementor-top-column elementor-element elementor-element-fad95ad\" data-id=\"fad95ad\" data-element_type=\"column\" data-e-type=\"column\">\n\t\t\t<div class=\"elementor-widget-wrap elementor-element-populated\">\n\t\t\t\t\t\t<div class=\"elementor-element elementor-element-21df14d elementor-blockquote--skin-quotation elementor-blockquote--button-color-official elementor-widget elementor-widget-blockquote\" data-id=\"21df14d\" data-element_type=\"widget\" data-e-type=\"widget\" data-widget_type=\"blockquote.default\">\n\t\t\t\t<div class=\"elementor-widget-container\">\n\t\t\t\t\t\t\t<blockquote class=\"elementor-blockquote\">\n\t\t\t<p class=\"elementor-blockquote__content\">\n\t\t\t\tMehr als ein Viertel der Migranten verf\u00fcgt \u00fcber ein hohes Bildungsniveau. Sie verf\u00fcgen \u00fcber Ressourcen, Ehrgeiz und Motivation, sind aber oft nicht in der Lage, ihre F\u00e4higkeiten zu nutzen. Fast 40 % sind f\u00fcr ihre T\u00e4tigkeit \u00fcberqualifiziert. Wir k\u00f6nnen es uns nicht leisten, dieses Potenzial zu vergeuden. Gleichzeitig hat fast ein F\u00fcnftel der Migranten nur eine Grundschulausbildung und ben\u00f6tigt weitere Unterst\u00fctzung.\t\t\t<\/p>\n\t\t\t\t\t\t\t<div class=\"e-q-footer\">\n\t\t\t\t\t\t\t\t\t\t\t<cite class=\"elementor-blockquote__author\">EUROPEAN COMMISSION<\/cite>\n\t\t\t\t\t\t\t\t\t\t\t\t\t\t<\/div>\n\t\t\t\t\t<\/blockquote>\n\t\t\t\t\t\t<\/div>\n\t\t\t\t<\/div>\n\t\t\t\t\t<\/div>\n\t\t<\/div>\n\t\t\t\t\t<\/div>\n\t\t<\/section>\n\t\t\t\t<section class=\"elementor-section elementor-top-section elementor-element elementor-element-64afe26 elementor-section-boxed elementor-section-height-default elementor-section-height-default\" data-id=\"64afe26\" data-element_type=\"section\" data-e-type=\"section\" data-settings=\"{&quot;_ha_eqh_enable&quot;:false}\">\n\t\t\t\t\t\t<div class=\"elementor-container elementor-column-gap-default\">\n\t\t\t\t\t<div class=\"elementor-column elementor-col-100 elementor-top-column elementor-element elementor-element-bf4b8a6\" data-id=\"bf4b8a6\" data-element_type=\"column\" data-e-type=\"column\">\n\t\t\t<div class=\"elementor-widget-wrap elementor-element-populated\">\n\t\t\t\t\t\t<div class=\"elementor-element elementor-element-cb4fbd9 elementor-widget elementor-widget-text-editor\" data-id=\"cb4fbd9\" data-element_type=\"widget\" data-e-type=\"widget\" data-widget_type=\"text-editor.default\">\n\t\t\t\t<div class=\"elementor-widget-container\">\n\t\t\t\t\t\t\t\t\t<p>Diese Aussage sagt etwas dar\u00fcber aus, wie die Migranten von den europ\u00e4ischen Unternehmen genutzt werden. Genauso wie billige Arbeitskr\u00e4fte, deren Qualifikationen nicht ber\u00fccksichtigt werden, weil sie nicht in ihrem System studiert haben oder die Landessprache nicht so gut beherrschen, wie es die Unternehmen f\u00fcr angemessen halten. Aber am Ende sind es dieselben, die das Potenzial ihrer Arbeitnehmer nicht erkennen, die sie verlieren. Dennoch ist dies ein Grund daf\u00fcr, dass die Menschen nicht gut integriert sind. Die folgenden Diagramme aus demselben Bericht zeigen die wichtigsten Fakten und Zahlen zu Integration und Inklusion (EU-27, 2019)<\/p>\n\t\t\t\t\t\t\t\t<\/div>\n\t\t\t\t<\/div>\n\t\t\t\t\t<\/div>\n\t\t<\/div>\n\t\t\t\t\t<\/div>\n\t\t<\/section>\n\t\t\t\t<section class=\"elementor-section elementor-top-section elementor-element elementor-element-a095711 elementor-section-boxed elementor-section-height-default elementor-section-height-default\" data-id=\"a095711\" data-element_type=\"section\" data-e-type=\"section\" data-settings=\"{&quot;_ha_eqh_enable&quot;:false}\">\n\t\t\t\t\t\t<div class=\"elementor-container elementor-column-gap-default\">\n\t\t\t\t\t<div class=\"elementor-column elementor-col-100 elementor-top-column elementor-element elementor-element-42e7354\" data-id=\"42e7354\" data-element_type=\"column\" data-e-type=\"column\">\n\t\t\t<div class=\"elementor-widget-wrap elementor-element-populated\">\n\t\t\t\t\t\t<div class=\"elementor-element elementor-element-872c180 elementor-widget elementor-widget-image\" data-id=\"872c180\" data-element_type=\"widget\" data-e-type=\"widget\" data-widget_type=\"image.default\">\n\t\t\t\t<div class=\"elementor-widget-container\">\n\t\t\t\t\t\t\t\t\t\t\t\t\t\t\t<img fetchpriority=\"high\" decoding=\"async\" width=\"612\" height=\"224\" src=\"https:\/\/i0.wp.com\/wemigrants.com\/wp-content\/uploads\/2020\/11\/education.jpg?fit=612%2C224&amp;ssl=1\" class=\"attachment-large size-large wp-image-871\" alt=\"Bildung in der EU\" srcset=\"https:\/\/i0.wp.com\/wemigrants.com\/wp-content\/uploads\/2020\/11\/education.jpg?w=612&amp;ssl=1 612w, https:\/\/i0.wp.com\/wemigrants.com\/wp-content\/uploads\/2020\/11\/education.jpg?resize=300%2C110&amp;ssl=1 300w, https:\/\/i0.wp.com\/wemigrants.com\/wp-content\/uploads\/2020\/11\/education.jpg?resize=555%2C203&amp;ssl=1 555w\" sizes=\"(max-width: 612px) 100vw, 612px\" \/>\t\t\t\t\t\t\t\t\t\t\t\t\t\t\t<\/div>\n\t\t\t\t<\/div>\n\t\t\t\t\t<\/div>\n\t\t<\/div>\n\t\t\t\t\t<\/div>\n\t\t<\/section>\n\t\t\t\t<section class=\"elementor-section elementor-top-section elementor-element elementor-element-c114c3f elementor-section-boxed elementor-section-height-default elementor-section-height-default\" data-id=\"c114c3f\" data-element_type=\"section\" data-e-type=\"section\" data-settings=\"{&quot;_ha_eqh_enable&quot;:false}\">\n\t\t\t\t\t\t<div class=\"elementor-container elementor-column-gap-default\">\n\t\t\t\t\t<div class=\"elementor-column elementor-col-50 elementor-top-column elementor-element elementor-element-2c4e4d2\" data-id=\"2c4e4d2\" data-element_type=\"column\" data-e-type=\"column\">\n\t\t\t<div class=\"elementor-widget-wrap elementor-element-populated\">\n\t\t\t\t\t\t<div class=\"elementor-element elementor-element-dc0a559 elementor-widget elementor-widget-text-editor\" data-id=\"dc0a559\" data-element_type=\"widget\" data-e-type=\"widget\" data-widget_type=\"text-editor.default\">\n\t\t\t\t<div class=\"elementor-widget-container\">\n\t\t\t\t\t\t\t\t\t<p>Bildung ist nicht f\u00fcr alle da: Die Zahl der jungen Einwanderer, die die Schule abbrechen, ist in der EU fast dreimal so hoch wie die Zahl der jungen Einheimischen. Die Zahl an sich ist nicht hilfreich, um diese Tendenz zu \u00e4ndern, wenn wir nicht die Gr\u00fcnde kennen, die Gr\u00fcnde, warum sie die Schule abbrechen, um zu arbeiten und zum Familieneinkommen beizutragen, oder sind es andere Gr\u00fcnde?<\/p>\n\t\t\t\t\t\t\t\t<\/div>\n\t\t\t\t<\/div>\n\t\t\t\t\t<\/div>\n\t\t<\/div>\n\t\t\t\t<div class=\"elementor-column elementor-col-50 elementor-top-column elementor-element elementor-element-4ec2bdd\" data-id=\"4ec2bdd\" data-element_type=\"column\" data-e-type=\"column\">\n\t\t\t<div class=\"elementor-widget-wrap elementor-element-populated\">\n\t\t\t\t\t\t<div class=\"elementor-element elementor-element-ba19426 elementor-widget elementor-widget-text-editor\" data-id=\"ba19426\" data-element_type=\"widget\" data-e-type=\"widget\" data-widget_type=\"text-editor.default\">\n\t\t\t\t<div class=\"elementor-widget-container\">\n\t\t\t\t\t\t\t\t\t<p>Die Zahl an sich ist nicht hilfreich, um diese Tendenz zu \u00e4ndern, wenn wir nicht die Gr\u00fcnde kennen, die Gr\u00fcnde, warum sie die Schule abbrechen, um zu arbeiten und zum Familieneinkommen beizutragen, oder sind es andere Gr\u00fcnde? 40 % haben ein niedriges Bildungsniveau und 40 % sind \u00fcberqualifiziert, was wahrscheinlich bedeutet, dass nur 20 % der Einwanderer eine normal oder gut bezahlte Arbeit finden. Vielleicht ist dies eine Erkl\u00e4rung f\u00fcr das Diagramm auf der linken Seite.<\/p>\n\t\t\t\t\t\t\t\t<\/div>\n\t\t\t\t<\/div>\n\t\t\t\t\t<\/div>\n\t\t<\/div>\n\t\t\t\t\t<\/div>\n\t\t<\/section>\n\t\t\t\t<section class=\"elementor-section elementor-top-section elementor-element elementor-element-b7dd029 elementor-section-boxed elementor-section-height-default elementor-section-height-default\" data-id=\"b7dd029\" data-element_type=\"section\" data-e-type=\"section\" data-settings=\"{&quot;_ha_eqh_enable&quot;:false}\">\n\t\t\t\t\t\t<div class=\"elementor-container elementor-column-gap-default\">\n\t\t\t\t\t<div class=\"elementor-column elementor-col-100 elementor-top-column elementor-element elementor-element-3e80e02\" data-id=\"3e80e02\" data-element_type=\"column\" data-e-type=\"column\">\n\t\t\t<div class=\"elementor-widget-wrap elementor-element-populated\">\n\t\t\t\t\t\t<div class=\"elementor-element elementor-element-202f92d elementor-widget elementor-widget-text-editor\" data-id=\"202f92d\" data-element_type=\"widget\" data-e-type=\"widget\" data-widget_type=\"text-editor.default\">\n\t\t\t\t<div class=\"elementor-widget-container\">\n\t\t\t\t\t\t\t\t\t<p>Bildung ist ein Schl\u00fcsselfaktor, um einen besseren Job zu bekommen, unabh\u00e4ngig davon, ob es sich um eine berufliche, informelle oder formelle Ausbildung handelt. Sie erwerben Ihre Qualifikationen durch Ihren Bildungsprozess und k\u00f6nnen so auf eine bessere Zukunft hoffen. Einwanderer, die in die EU kommen, wollen entweder selbst eine Ausbildung machen oder, falls dies nicht m\u00f6glich ist, ihren Kindern eine bessere Ausbildung erm\u00f6glichen. Doch nicht immer geht der Plan auf. <\/p>\n<p>Aus der obigen Grafik geht hervor, dass zu viele junge Migranten die Schule vorzeitig abbrechen. Ihr zuk\u00fcnftiges Leben kann nicht viel besser sein als das ihrer Eltern, was die Arbeit betrifft.<\/p>\n\t\t\t\t\t\t\t\t<\/div>\n\t\t\t\t<\/div>\n\t\t\t\t\t<\/div>\n\t\t<\/div>\n\t\t\t\t\t<\/div>\n\t\t<\/section>\n\t\t\t\t<section class=\"elementor-section elementor-top-section elementor-element elementor-element-160121b elementor-section-boxed elementor-section-height-default elementor-section-height-default\" data-id=\"160121b\" data-element_type=\"section\" data-e-type=\"section\" data-settings=\"{&quot;_ha_eqh_enable&quot;:false}\">\n\t\t\t\t\t\t<div class=\"elementor-container elementor-column-gap-default\">\n\t\t\t\t\t<div class=\"elementor-column elementor-col-100 elementor-top-column elementor-element elementor-element-5442f22\" data-id=\"5442f22\" data-element_type=\"column\" data-e-type=\"column\">\n\t\t\t<div class=\"elementor-widget-wrap elementor-element-populated\">\n\t\t\t\t\t\t<div class=\"elementor-element elementor-element-4b6d0d9 elementor-widget elementor-widget-image\" data-id=\"4b6d0d9\" data-element_type=\"widget\" data-e-type=\"widget\" data-widget_type=\"image.default\">\n\t\t\t\t<div class=\"elementor-widget-container\">\n\t\t\t\t\t\t\t\t\t\t\t\t\t\t\t<img decoding=\"async\" width=\"604\" height=\"261\" src=\"https:\/\/i0.wp.com\/wemigrants.com\/wp-content\/uploads\/2020\/11\/work.jpg?fit=604%2C261&amp;ssl=1\" class=\"attachment-large size-large wp-image-876\" alt=\"\" srcset=\"https:\/\/i0.wp.com\/wemigrants.com\/wp-content\/uploads\/2020\/11\/work.jpg?w=604&amp;ssl=1 604w, https:\/\/i0.wp.com\/wemigrants.com\/wp-content\/uploads\/2020\/11\/work.jpg?resize=300%2C130&amp;ssl=1 300w, https:\/\/i0.wp.com\/wemigrants.com\/wp-content\/uploads\/2020\/11\/work.jpg?resize=555%2C240&amp;ssl=1 555w\" sizes=\"(max-width: 604px) 100vw, 604px\" \/>\t\t\t\t\t\t\t\t\t\t\t\t\t\t\t<\/div>\n\t\t\t\t<\/div>\n\t\t\t\t\t<\/div>\n\t\t<\/div>\n\t\t\t\t\t<\/div>\n\t\t<\/section>\n\t\t\t\t<section class=\"elementor-section elementor-top-section elementor-element elementor-element-80f706e elementor-section-boxed elementor-section-height-default elementor-section-height-default\" data-id=\"80f706e\" data-element_type=\"section\" data-e-type=\"section\" data-settings=\"{&quot;_ha_eqh_enable&quot;:false}\">\n\t\t\t\t\t\t<div class=\"elementor-container elementor-column-gap-default\">\n\t\t\t\t\t<div class=\"elementor-column elementor-col-50 elementor-top-column elementor-element elementor-element-2589dd9\" data-id=\"2589dd9\" data-element_type=\"column\" data-e-type=\"column\">\n\t\t\t<div class=\"elementor-widget-wrap elementor-element-populated\">\n\t\t\t\t\t\t<div class=\"elementor-element elementor-element-8d58170 elementor-widget elementor-widget-text-editor\" data-id=\"8d58170\" data-element_type=\"widget\" data-e-type=\"widget\" data-widget_type=\"text-editor.default\">\n\t\t\t\t<div class=\"elementor-widget-container\">\n\t\t\t\t\t\t\t\t\t<p>\u00dcber 35 % der Migranten in der EU sind arbeitslos. Es w\u00e4re interessant, die qualitativen Informationen \u00fcber diese 35 % zu erfahren. Wer sind sie, warum sind sie arbeitslos, was fehlt ihnen? Die notwendige Ausbildung oder das richtige Herkunftsland?ary education or the right country origin? Ersteres k\u00f6nnen wir heilen, aber letzteres ist sehr schwer zu &#8220;heilen&#8221;.<\/p>\n\t\t\t\t\t\t\t\t<\/div>\n\t\t\t\t<\/div>\n\t\t\t\t\t<\/div>\n\t\t<\/div>\n\t\t\t\t<div class=\"elementor-column elementor-col-50 elementor-top-column elementor-element elementor-element-8e6a499\" data-id=\"8e6a499\" data-element_type=\"column\" data-e-type=\"column\">\n\t\t\t<div class=\"elementor-widget-wrap elementor-element-populated\">\n\t\t\t\t\t\t<div class=\"elementor-element elementor-element-4758ba7 elementor-widget elementor-widget-text-editor\" data-id=\"4758ba7\" data-element_type=\"widget\" data-e-type=\"widget\" data-widget_type=\"text-editor.default\">\n\t\t\t\t<div class=\"elementor-widget-container\">\n\t\t\t\t\t\t\t\t\t<p>Frauen sind eine besondere Kategorie mit vielen Problemen in unserer Welt. Migrantinnen haben mehr H\u00fcrden zu \u00fcberwinden. Einige davon sind kultureller Natur, da eine gro\u00dfe Zahl von Migranten aus L\u00e4ndern oder Regionen kommt, in denen die Rolle der Frau nur die der Mutter und Ehefrau ist. Da m\u00fcssen wir uns als Migranten mehr bem\u00fchen, auch unsere Stereotypen zu \u00fcberwinden.<\/p>\n\t\t\t\t\t\t\t\t<\/div>\n\t\t\t\t<\/div>\n\t\t\t\t\t<\/div>\n\t\t<\/div>\n\t\t\t\t\t<\/div>\n\t\t<\/section>\n\t\t\t\t<section class=\"elementor-section elementor-top-section elementor-element elementor-element-f432f1b elementor-section-boxed elementor-section-height-default elementor-section-height-default\" data-id=\"f432f1b\" data-element_type=\"section\" data-e-type=\"section\" data-settings=\"{&quot;_ha_eqh_enable&quot;:false}\">\n\t\t\t\t\t\t<div class=\"elementor-container elementor-column-gap-default\">\n\t\t\t\t\t<div class=\"elementor-column elementor-col-100 elementor-top-column elementor-element elementor-element-f6f9b9f\" data-id=\"f6f9b9f\" data-element_type=\"column\" data-e-type=\"column\">\n\t\t\t<div class=\"elementor-widget-wrap elementor-element-populated\">\n\t\t\t\t\t\t<div class=\"elementor-element elementor-element-d25f423 elementor-widget elementor-widget-text-editor\" data-id=\"d25f423\" data-element_type=\"widget\" data-e-type=\"widget\" data-widget_type=\"text-editor.default\">\n\t\t\t\t<div class=\"elementor-widget-container\">\n\t\t\t\t\t\t\t\t\t<p>Wie die n\u00e4chste Grafik zeigt, kann der Mangel an Bildung, aber auch die h\u00f6here Arbeitslosigkeit bei Migranten zu einem h\u00f6heren Armutsrisiko, einer h\u00f6heren \u00dcberbelegungsrate und einer h\u00f6heren Wohnkostenbelastung f\u00fchren. Alle Zahlen sind bei den Migranten im Vergleich zu den Einheimischen doppelt so hoch.<\/p>\n<p>Die EU will durch die Bereitstellung von Leitlinien und Mitteln helfen, aber wie wir weiter unten sehen werden, sehen nicht alle EU-Mitglieder Migranten als positive Kraft<\/p>\n\t\t\t\t\t\t\t\t<\/div>\n\t\t\t\t<\/div>\n\t\t\t\t\t<\/div>\n\t\t<\/div>\n\t\t\t\t\t<\/div>\n\t\t<\/section>\n\t\t\t\t<section class=\"elementor-section elementor-top-section elementor-element elementor-element-9bd24d8 elementor-section-boxed elementor-section-height-default elementor-section-height-default\" data-id=\"9bd24d8\" data-element_type=\"section\" data-e-type=\"section\" data-settings=\"{&quot;_ha_eqh_enable&quot;:false}\">\n\t\t\t\t\t\t<div class=\"elementor-container elementor-column-gap-default\">\n\t\t\t\t\t<div class=\"elementor-column elementor-col-100 elementor-top-column elementor-element elementor-element-b34f26c\" data-id=\"b34f26c\" data-element_type=\"column\" data-e-type=\"column\">\n\t\t\t<div class=\"elementor-widget-wrap elementor-element-populated\">\n\t\t\t\t\t\t<div class=\"elementor-element elementor-element-9c8433c elementor-widget elementor-widget-image\" data-id=\"9c8433c\" data-element_type=\"widget\" data-e-type=\"widget\" data-widget_type=\"image.default\">\n\t\t\t\t<div class=\"elementor-widget-container\">\n\t\t\t\t\t\t\t\t\t\t\t\t\t\t\t<img decoding=\"async\" width=\"539\" height=\"304\" src=\"https:\/\/i0.wp.com\/wemigrants.com\/wp-content\/uploads\/2020\/11\/poverty.jpg?fit=539%2C304&amp;ssl=1\" class=\"attachment-large size-large wp-image-881\" alt=\"\" srcset=\"https:\/\/i0.wp.com\/wemigrants.com\/wp-content\/uploads\/2020\/11\/poverty.jpg?w=539&amp;ssl=1 539w, https:\/\/i0.wp.com\/wemigrants.com\/wp-content\/uploads\/2020\/11\/poverty.jpg?resize=300%2C169&amp;ssl=1 300w\" sizes=\"(max-width: 539px) 100vw, 539px\" \/>\t\t\t\t\t\t\t\t\t\t\t\t\t\t\t<\/div>\n\t\t\t\t<\/div>\n\t\t\t\t\t<\/div>\n\t\t<\/div>\n\t\t\t\t\t<\/div>\n\t\t<\/section>\n\t\t\t\t<section class=\"elementor-section elementor-top-section elementor-element elementor-element-793d66c elementor-section-boxed elementor-section-height-default elementor-section-height-default\" data-id=\"793d66c\" data-element_type=\"section\" data-e-type=\"section\" data-settings=\"{&quot;_ha_eqh_enable&quot;:false}\">\n\t\t\t\t\t\t<div class=\"elementor-container elementor-column-gap-default\">\n\t\t\t\t\t<div class=\"elementor-column elementor-col-100 elementor-top-column elementor-element elementor-element-2615319\" data-id=\"2615319\" data-element_type=\"column\" data-e-type=\"column\">\n\t\t\t<div class=\"elementor-widget-wrap elementor-element-populated\">\n\t\t\t\t\t\t<div class=\"elementor-element elementor-element-f074ab3 elementor-widget elementor-widget-text-editor\" data-id=\"f074ab3\" data-element_type=\"widget\" data-e-type=\"widget\" data-widget_type=\"text-editor.default\">\n\t\t\t\t<div class=\"elementor-widget-container\">\n\t\t\t\t\t\t\t\t\t<p>Doch das sind nicht die einzigen Probleme, mit denen Migranten w\u00e4hrend ihres Aufenthalts in der EU konfrontiert sind. In demselben Bericht hei\u00dft es: :<\/p>\n\t\t\t\t\t\t\t\t<\/div>\n\t\t\t\t<\/div>\n\t\t\t\t\t<\/div>\n\t\t<\/div>\n\t\t\t\t\t<\/div>\n\t\t<\/section>\n\t\t\t\t<section class=\"elementor-section elementor-top-section elementor-element elementor-element-c689fab elementor-section-boxed elementor-section-height-default elementor-section-height-default\" data-id=\"c689fab\" data-element_type=\"section\" data-e-type=\"section\" data-settings=\"{&quot;_ha_eqh_enable&quot;:false}\">\n\t\t\t\t\t\t<div class=\"elementor-container elementor-column-gap-default\">\n\t\t\t\t\t<div class=\"elementor-column elementor-col-100 elementor-top-column elementor-element elementor-element-55b08cd\" data-id=\"55b08cd\" data-element_type=\"column\" data-e-type=\"column\">\n\t\t\t<div class=\"elementor-widget-wrap elementor-element-populated\">\n\t\t\t\t\t\t<div class=\"elementor-element elementor-element-d03961e elementor-blockquote--skin-border elementor-blockquote--button-color-official elementor-widget elementor-widget-blockquote\" data-id=\"d03961e\" data-element_type=\"widget\" data-e-type=\"widget\" data-widget_type=\"blockquote.default\">\n\t\t\t\t<div class=\"elementor-widget-container\">\n\t\t\t\t\t\t\t<blockquote class=\"elementor-blockquote\">\n\t\t\t<p class=\"elementor-blockquote__content\">\n\t\t\t\t<b>Junge Migranten (18-24 Jahre), die au\u00dferhalb der EU geboren wurden <\/b> waren viel h\u00e4ufiger (21 %) als Einheimische (12,5 %) \"weder erwerbst\u00e4tig noch in Ausbildung\", insbesondere M\u00e4dchen und junge Frauen mit Migrationshintergrund (25,9 %).\n<br><br>\n<b>Migranten haben h\u00e4ufiger einen unbefriedigten medizinischen Bedarf<\/b> dies h\u00e4ngt mit verschiedenen Faktoren zusammen, wie z. B.: fehlender Zugang oder eingeschr\u00e4nkte Krankenversicherung (in einigen L\u00e4ndern) je nach Aufenthaltsstatus, fehlende Kenntnisse \u00fcber den Zugang zu Dienstleistungen, finanzielle Mittel, Konzentration von Migranten in einigen benachteiligten Gebieten mit geringerem Zugang zu hochwertigen Gesundheitsdienstleistungen, Sprachbarrieren und mangelnde Anpassung der nationalen Systeme an die spezifischen Bed\u00fcrfnisse von Migranten. \u00dcbersetzt mit www.DeepL.com\/Translator (kostenlose Version)\n<br><br>\n<b>\nDer Anteil der Migranten an der Bev\u00f6lkerung in den l\u00e4ndlichen Gebieten ist zwar relativ gering (2,9 %)<\/b>, da es in vielen l\u00e4ndlichen Gebieten im Allgemeinen an grundlegenden Dienstleistungen mangelt, fehlt es den Migranten m\u00f6glicherweise auch an den spezifischen Unterst\u00fctzungsleistungen, die sie ben\u00f6tigen.\t\t\t<\/p>\n\t\t\t\t\t<\/blockquote>\n\t\t\t\t\t\t<\/div>\n\t\t\t\t<\/div>\n\t\t\t\t\t<\/div>\n\t\t<\/div>\n\t\t\t\t\t<\/div>\n\t\t<\/section>\n\t\t\t\t<section class=\"elementor-section elementor-top-section elementor-element elementor-element-bed6028 elementor-section-boxed elementor-section-height-default elementor-section-height-default\" data-id=\"bed6028\" data-element_type=\"section\" data-e-type=\"section\" data-settings=\"{&quot;_ha_eqh_enable&quot;:false}\">\n\t\t\t\t\t\t<div class=\"elementor-container elementor-column-gap-default\">\n\t\t\t\t\t<div class=\"elementor-column elementor-col-100 elementor-top-column elementor-element elementor-element-63f9631\" data-id=\"63f9631\" data-element_type=\"column\" data-e-type=\"column\">\n\t\t\t<div class=\"elementor-widget-wrap elementor-element-populated\">\n\t\t\t\t\t\t<div class=\"elementor-element elementor-element-0a18283 elementor-widget elementor-widget-text-editor\" data-id=\"0a18283\" data-element_type=\"widget\" data-e-type=\"widget\" data-widget_type=\"text-editor.default\">\n\t\t\t\t<div class=\"elementor-widget-container\">\n\t\t\t\t\t\t\t\t\t<p>Insgesamt sind die Zahlen entt\u00e4uschend. Integration und Eingliederung lassen sich nicht erreichen, wenn eine gro\u00dfe Zahl von Migranten sozial ausgegrenzt ist. Wie wir schon oft gesagt haben, ist Integration ein bidirektionaler Prozess zwischen den Migranten und der Aufnahmegesellschaft. Wenn die Aufnahmegesellschaft den Migranten hilft und sie &#8220;aufwertet&#8221;, kann sie nur von ihnen profitieren. Es gibt zu viele Beispiele, das j\u00fcngste und auch in den Nachrichten, die unser Leben beherrschen, das Corona-Virus, eines der Unternehmen, die den Impfstoff herstellen, ist ein deutsches Unternehmen, das von einem Paar t\u00fcrkischst\u00e4mmiger Migranten gef\u00fchrt wird.<\/p>\n<p>Andererseits sollte es das Ziel eines jeden Migranten sein, sich zu verbessern. die EU legt Leitlinien und Mittel fest, wir m\u00fcssen sie nutzen. Finden Sie Informationen und Programme, die Ihnen helfen k\u00f6nnen, Ihre F\u00e4higkeiten zu verbessern und eine bessere Zukunft zu haben.<\/p>\n\t\t\t\t\t\t\t\t<\/div>\n\t\t\t\t<\/div>\n\t\t\t\t\t<\/div>\n\t\t<\/div>\n\t\t\t\t\t<\/div>\n\t\t<\/section>\n\t\t\t\t<section class=\"elementor-section elementor-top-section elementor-element elementor-element-89ed3dc elementor-section-boxed elementor-section-height-default elementor-section-height-default\" data-id=\"89ed3dc\" data-element_type=\"section\" data-e-type=\"section\" data-settings=\"{&quot;_ha_eqh_enable&quot;:false}\">\n\t\t\t\t\t\t<div class=\"elementor-container elementor-column-gap-default\">\n\t\t\t\t\t<div class=\"elementor-column elementor-col-100 elementor-top-column elementor-element elementor-element-1736aa8\" data-id=\"1736aa8\" data-element_type=\"column\" data-e-type=\"column\">\n\t\t\t<div class=\"elementor-widget-wrap elementor-element-populated\">\n\t\t\t\t\t\t<div class=\"elementor-element elementor-element-bf8e037 elementor-widget elementor-widget-text-editor\" data-id=\"bf8e037\" data-element_type=\"widget\" data-e-type=\"widget\" data-widget_type=\"text-editor.default\">\n\t\t\t\t<div class=\"elementor-widget-container\">\n\t\t\t\t\t\t\t\t\t<p>Das Hauptproblem des Aktionsplans ist genau das, was <a href=\"https:\/\/www.politico.eu\/article\/european-commission-issues-guidelines-on-integration-to-ease-deal-on-migration-pact\/\" target=\"_blank\" rel=\"noopener\">Politico.eu <\/a> in seinem interessanten Artikel schreibt:<\/p>\n<p>&#8220;<em>Der neue Plan soll zwar umfassender sein, geht aber nicht weiter, wenn es darum geht, den EU-L\u00e4ndern politische Ma\u00dfnahmen vorzuschreiben, und bleibt weitgehend eine Reihe unverbindlicher Empfehlungen<\/em>. &#8220;<\/p>\n<p>Diese nicht verbindliche Politik k\u00f6nnte das Ende des Aktionsplans sein.<\/p>\n\t\t\t\t\t\t\t\t<\/div>\n\t\t\t\t<\/div>\n\t\t\t\t\t<\/div>\n\t\t<\/div>\n\t\t\t\t\t<\/div>\n\t\t<\/section>\n\t\t\t\t<\/div>\n\t\t","protected":false},"excerpt":{"rendered":"<p>Am 24. November ver\u00f6ffentlichte die Kommission ihre Leitlinien f\u00fcr Integration und Inklusion f\u00fcr den Zeitraum 2021-2027 mit dem Titel Aktionsplan f\u00fcr Integration und Eingliederung 2021-2027 . Der Plan ist nicht mehr als ein Leitfaden f\u00fcr [&hellip;]<\/p>\n","protected":false},"author":1,"featured_media":0,"comment_status":"closed","ping_status":"open","sticky":false,"template":"","format":"standard","meta":{"_jetpack_memberships_contains_paid_content":false,"footnotes":""},"categories":[98],"tags":[],"class_list":["post-1246","post","type-post","status-publish","format-standard","hentry","category-information-de"],"jetpack_featured_media_url":"","jetpack-related-posts":[],"jetpack_sharing_enabled":true,"_links":{"self":[{"href":"https:\/\/wemigrants.com\/index.php\/wp-json\/wp\/v2\/posts\/1246","targetHints":{"allow":["GET"]}}],"collection":[{"href":"https:\/\/wemigrants.com\/index.php\/wp-json\/wp\/v2\/posts"}],"about":[{"href":"https:\/\/wemigrants.com\/index.php\/wp-json\/wp\/v2\/types\/post"}],"author":[{"embeddable":true,"href":"https:\/\/wemigrants.com\/index.php\/wp-json\/wp\/v2\/users\/1"}],"replies":[{"embeddable":true,"href":"https:\/\/wemigrants.com\/index.php\/wp-json\/wp\/v2\/comments?post=1246"}],"version-history":[{"count":1,"href":"https:\/\/wemigrants.com\/index.php\/wp-json\/wp\/v2\/posts\/1246\/revisions"}],"predecessor-version":[{"id":1247,"href":"https:\/\/wemigrants.com\/index.php\/wp-json\/wp\/v2\/posts\/1246\/revisions\/1247"}],"wp:attachment":[{"href":"https:\/\/wemigrants.com\/index.php\/wp-json\/wp\/v2\/media?parent=1246"}],"wp:term":[{"taxonomy":"category","embeddable":true,"href":"https:\/\/wemigrants.com\/index.php\/wp-json\/wp\/v2\/categories?post=1246"},{"taxonomy":"post_tag","embeddable":true,"href":"https:\/\/wemigrants.com\/index.php\/wp-json\/wp\/v2\/tags?post=1246"}],"curies":[{"name":"wp","href":"https:\/\/api.w.org\/{rel}","templated":true}]}}