{"id":596,"date":"2020-06-26T17:49:43","date_gmt":"2020-06-26T15:49:43","guid":{"rendered":"http:\/\/wemigrants.com\/?p=596"},"modified":"2020-11-10T00:44:03","modified_gmt":"2020-11-09T23:44:03","slug":"schreckensbilder-aus-den-vereinigten-staaten","status":"publish","type":"post","link":"https:\/\/wemigrants.com\/index.php\/2020\/06\/26\/schreckensbilder-aus-den-vereinigten-staaten\/?lang=de","title":{"rendered":"Schreckensbilder aus den Vereinigten Staaten"},"content":{"rendered":"\n<h6 class=\"wp-block-heading\"><em>Platzhalter Bild von Wikimedia <a href=\"https:\/\/commons.wikimedia.org\/wiki\/User:PantheraLeo1359531\">PantheraLeo1359531<\/a><\/em><\/h6>\n\n\n\n<p>Seit dreieinhalb Jahren ist Donald Trump jetzt Pr\u00e4sident der Vereinigten Staaten von Amerika und verf\u00fcgt damit \u00fcber immense pers\u00f6nliche Macht. Seit Anfang an ist klar, dass er kein Pr\u00e4sident des Friedens sein wird, daf\u00fcr war sein Wahlkampf zu sehr auf Rassismus und Sexismus aufgebaut. Doch auch ich tat mich schwer, ihn mit Hitler zu vergleichen, einfach aus dem Grund, dass dieser Vergleich weniger wert ist, wenn man ihn zu h\u00e4ufig anwendet. Das ist jetzt vorbei.<\/p>\n\n\n\n<figure class=\"wp-block-image size-large\"><img data-recalc-dims=\"1\" fetchpriority=\"high\" decoding=\"async\" width=\"750\" height=\"470\" src=\"https:\/\/i0.wp.com\/wemigrants.com\/wp-content\/uploads\/2020\/06\/WhatsApp-Image-2020-06-28-at-14.17.43.jpeg?resize=750%2C470&#038;ssl=1\" alt=\"\" class=\"wp-image-624\" srcset=\"https:\/\/i0.wp.com\/wemigrants.com\/wp-content\/uploads\/2020\/06\/WhatsApp-Image-2020-06-28-at-14.17.43.jpeg?w=1024&amp;ssl=1 1024w, https:\/\/i0.wp.com\/wemigrants.com\/wp-content\/uploads\/2020\/06\/WhatsApp-Image-2020-06-28-at-14.17.43.jpeg?resize=300%2C188&amp;ssl=1 300w, https:\/\/i0.wp.com\/wemigrants.com\/wp-content\/uploads\/2020\/06\/WhatsApp-Image-2020-06-28-at-14.17.43.jpeg?resize=768%2C482&amp;ssl=1 768w, https:\/\/i0.wp.com\/wemigrants.com\/wp-content\/uploads\/2020\/06\/WhatsApp-Image-2020-06-28-at-14.17.43.jpeg?resize=555%2C348&amp;ssl=1 555w\" sizes=\"(max-width: 750px) 100vw, 750px\" \/><\/figure>\n\n\n\n<h2 class=\"wp-block-heading\">Amerika erbl\u00fcht im Faschismus<\/h2>\n\n\n\n<p>Durch die gesamte Schulzeit begleitet uns in Deutschland der Nationalsozialismus &#8211; wie er entstand, was geschah und wie es m\u00f6glich war, dass Hitler eine Demokratie in eine Diktatur umwandelte. Nunja, wer ein anschauliches Beispiel haben m\u00f6chte, der schaut bitte nach Amerika. Seit Jahren redet Trump von jeglicher negativer Presse als \u201eFake News\u201c und redet von den Medien als \u201eFeinde des Volkes\u201c. Diskreditierung nennt man das. Er sorgt daf\u00fcr, dass das Vertrauen in die Medien sinkt, um seine Gefolgschaft von ihm abh\u00e4ngig zu machen. Diskreditierung und Schlie\u00dfung der freien Medien war auch einer der ersten Schritte der Nazis. Ein weiteres Merkmal faschistischer Staaten ist die Auswahl eines Feindbildes gegen das man hetzen kann.  In Amerika sind es die friedlichen Demonstranten, die gegen die Polizeigewalt gegen\u00fcber schwarzen Amerikanern protestieren. Sie reihen sich ein in eine lange Reihe von \u00f6ffentlichen Feindbildern. Muslime, Schwarze, Homosexuelle, Mexikaner. Irgendeiner von ihnen ist immer schuld. Dass die \u00dcberproportionalit\u00e4t schwarzer Kriminalit\u00e4t im Vergleich zu wei\u00dfer Kriminalit\u00e4t im direkten Zusammenhang mit dem Mangel an gesellschaftlichen Chancen f\u00fcr Afroamerikaner steht, wird dabei gepflegt au\u00dfer Acht gelassen.<\/p>\n\n\n\n<h2 class=\"wp-block-heading\">Diese Bilder ersch\u00fcttern die Welt<\/h2>\n\n\n\n<p>Ich sehe seit Tagen nichts anderes als Videos, auf denen Polizeibeamte auf friedliche Demonstranten beginnen einzupr\u00fcgeln, sie mit Tr\u00e4nengas zu bewerfen oder sogar mit Gummigeschossen zu schie\u00dfen. Das einzige, was dies unterbricht sind Videos , in denen sie Solidarit\u00e4t mit den Protesten vorgaukeln, nur um Augenzeugenberichten zufolge 20 Minuten sp\u00e4ter wieder damit besch\u00e4ftigt zu sein, mit Tr\u00e4nengas zu werfen. Sogar ein Video in dem ein Polizeiauto ohne R\u00fccksicht auf Verluste in eine Menschenmenge hinein f\u00e4hrt, kursiert im Internet. Und ich frage mich, was die Art von Gewalt rechtfertigt. Nehmen wir einmal an, es w\u00e4ren tats\u00e4chlich die Demonstranten gewesen, die f\u00fcr die eingeschlagenen Fenster bei Einkaufsl\u00e4den zust\u00e4ndig waren (was durchaus umstritten, teilweise sogar widerlegt ist), w\u00e4re es dann gerechtfertigt gegen eine Gruppe von Menschen, darunter Kinder und beistehende Journalisten so gewaltt\u00e4tig vorzugehen? Was gibt einem Polizisten das Recht aus n\u00e4chster N\u00e4he einen unbewaffneten Menschen, sogar einer Journalistin mit einem Gummigeschoss ins Auge zu schie\u00dfen? Jetzt k\u00fcndigte Trump vor einigen Tagen an, das Milit\u00e4r gegen seine eigene Bev\u00f6lkerung einzusetzen. Amerika ist schon f\u00fcr weniger in andere Staaten einmarschiert.<\/p>\n\n\n\n<h2 class=\"wp-block-heading\">Die Demonstranten gegen den Rest<\/h2>\n\n\n\n<p>Aber es ist ja nicht nur die staatliche Seite, die gegen die Demonstranten k\u00e4mpft. In Fishtown, Philadelphia, Pennsylvania tauchten Videos auf, die zeigen, wie eine B\u00fcrgerwehr wei\u00dfer Amerikaner bewaffnet mit Schusswaffen und Baseballschl\u00e4gern, Seite an Seite mit der Polizei &#8211; nach der Ausgangssperre &#8211; auf die Demonstranten losgingen. Wohlgemerkt, es wurden schon Journalisten angegriffen alleine daf\u00fcr dass sie sich nach 19 Uhr au\u00dfer Haus befanden. Erst eine Woche nach dem Tod George Floyds und nach andauernden Protesten \u00e4u\u00dferte sich der Pressesprecher der Bundesregierung Steffen Seibert zu der Thematik. Seine Aussagen\u2026 nunja, wie soll man es sagen, lassen zu w\u00fcnschen \u00fcbrig. Man verurteile den \u201evermeidbaren Tod\u201c, man beobachte die Situation \u201egenauestens\u201c, aber man sehe keinen Grund weitere Schritte einzuleiten. Die amerikanische Demokratie sei eine starke Demokratie und der amerikanische Rechtsstaat werde sich der Sache annehmen\u2026 Keine Pointe. Ich meine, ja, das tut er. Jetzt. Nach einer Woche massiver Ausschreitung, weil Amerika lieber auf Demonstranten einpr\u00fcgeln m\u00f6chte, als von vornherein vier Polizisten zu verhaften, die einen schwarzen Mann umgebracht haben. Von den zahlreichen weiteren Morden wei\u00dfer Polizisten, die ungestraft ihre Arbeit weiter verrichten ganz zu schweigen. George Floyd, Tamir Rice, Michael Brown, Breonna Taylor\u2026 sie sind nur ein kleiner Teil derjenigen, die Opfer des amerikanischen \u201eRechtsstaates\u201c wurden.<\/p>\n\n\n\n<h2 class=\"wp-block-heading\">Ein Grund zur Sorge?<\/h2>\n\n\n\n<p>Wir sehen in Amerika nicht mehr die Anf\u00e4nge eines faschistischen Regimes, nein der erste Stein wurde allersp\u00e4testens unter Pr\u00e4sident Richard Nixon ins Rollen gebracht (Stichwort \u201eLaw and Order\u201c-Kampagne). Und die Bundesregierung weigert sich, das Problem beim Namen zu nennen und z\u00f6gert, den gewaltt\u00e4tigen Einsatz des militarisierten Polizeikomplexes zu verurteilen. Die Regierung eines Staates, in dessen Verfassung der Antifaschismus verankert ist, schweigt im Angesicht von waschechtem Faschismus. Ihr wollt etwas ver\u00e4ndern? Sucht nach Organisationen, denen ihr spenden k\u00f6nntet. Beispiele w\u00e4ren zum Beispiel die Campaign Zero, die nach Wegen sucht Polizeigewalt durch gezielte politische Ma\u00dfnahmen und eine verst\u00e4rkte Kontrolle der Polizei zu bew\u00e4ltigen, oder das Black Visions Collective, das nach einem Langzeitwandel in der \u00f6ffentlichen Wahrnehmung zum Thema Polizeigewalt und Racial Injustice strebt. H\u00f6rt auf die Stimmen von Mitgliedern marginalisierter Bev\u00f6lkerungsgruppen. H\u00f6rt auf ihre Erfahrungen. Glaubt ihnen, wenn sie euch sagen, dass Rassismus auch in Deutschland ein riesiges Problem ist.<\/p>\n\n\n\n<p>Ich habe Angst um die Welt in der wir leben. Ich habe Angst um Amerika. Ich habe Angst, vor dem was die Zukunft h\u00e4lt. Doch eins muss f\u00fcr immer feststehen.<\/p>\n\n\n\n<p>Black Lives Matter.<\/p>\n\n\n\n<p>Because All Lives Can\u2019t Matter<\/p>\n\n\n\n<p>Until Black Lives finally do.<\/p>\n\n\n\n<figure class=\"wp-block-image size-large is-resized\"><img data-recalc-dims=\"1\" decoding=\"async\" src=\"https:\/\/i0.wp.com\/wemigrants.com\/wp-content\/uploads\/2020\/06\/IMG-20200625-WA0009.jpg?resize=149%2C199&#038;ssl=1\" alt=\"\" class=\"wp-image-597\" width=\"149\" height=\"199\" srcset=\"https:\/\/i0.wp.com\/wemigrants.com\/wp-content\/uploads\/2020\/06\/IMG-20200625-WA0009.jpg?w=673&amp;ssl=1 673w, https:\/\/i0.wp.com\/wemigrants.com\/wp-content\/uploads\/2020\/06\/IMG-20200625-WA0009.jpg?resize=226%2C300&amp;ssl=1 226w, https:\/\/i0.wp.com\/wemigrants.com\/wp-content\/uploads\/2020\/06\/IMG-20200625-WA0009.jpg?resize=555%2C738&amp;ssl=1 555w\" sizes=\"(max-width: 149px) 100vw, 149px\" \/><figcaption>Niklas Fechtmann<\/figcaption><\/figure>\n\n\n\n<p><\/p>\n","protected":false},"excerpt":{"rendered":"<p>Seit dreieinhalb Jahren ist Donald Trump jetzt Pr\u00e4sident der Vereinigten Staaten von Amerika und verf\u00fcgt damit \u00fcber immense pers\u00f6nliche Macht. Seit Anfang an ist klar, dass er kein Pr\u00e4sident des Friedens sein wird, daf\u00fcr war sein Wahlkampf zu sehr auf Rassismus und Sexismus aufgebaut.<\/p>\n","protected":false},"author":4,"featured_media":631,"comment_status":"open","ping_status":"open","sticky":false,"template":"","format":"standard","meta":{"_jetpack_memberships_contains_paid_content":false,"footnotes":""},"categories":[2],"tags":[56,57,61,58,62,59,60,63,64],"class_list":["post-596","post","type-post","status-publish","format-standard","has-post-thumbnail","hentry","category-opinions","tag-amerika","tag-black-lives-matter","tag-demonstration","tag-donald-trump","tag-faschismus","tag-niklas-fechtmann","tag-polizeigewalt","tag-rassismus","tag-usa"],"jetpack_featured_media_url":"https:\/\/i0.wp.com\/wemigrants.com\/wp-content\/uploads\/2020\/06\/1280px-BLM-Demo_Hof_20200620_DSC2262.jpg?fit=1280%2C853&ssl=1","jetpack-related-posts":[],"jetpack_sharing_enabled":true,"_links":{"self":[{"href":"https:\/\/wemigrants.com\/index.php\/wp-json\/wp\/v2\/posts\/596","targetHints":{"allow":["GET"]}}],"collection":[{"href":"https:\/\/wemigrants.com\/index.php\/wp-json\/wp\/v2\/posts"}],"about":[{"href":"https:\/\/wemigrants.com\/index.php\/wp-json\/wp\/v2\/types\/post"}],"author":[{"embeddable":true,"href":"https:\/\/wemigrants.com\/index.php\/wp-json\/wp\/v2\/users\/4"}],"replies":[{"embeddable":true,"href":"https:\/\/wemigrants.com\/index.php\/wp-json\/wp\/v2\/comments?post=596"}],"version-history":[{"count":16,"href":"https:\/\/wemigrants.com\/index.php\/wp-json\/wp\/v2\/posts\/596\/revisions"}],"predecessor-version":[{"id":844,"href":"https:\/\/wemigrants.com\/index.php\/wp-json\/wp\/v2\/posts\/596\/revisions\/844"}],"wp:featuredmedia":[{"embeddable":true,"href":"https:\/\/wemigrants.com\/index.php\/wp-json\/wp\/v2\/media\/631"}],"wp:attachment":[{"href":"https:\/\/wemigrants.com\/index.php\/wp-json\/wp\/v2\/media?parent=596"}],"wp:term":[{"taxonomy":"category","embeddable":true,"href":"https:\/\/wemigrants.com\/index.php\/wp-json\/wp\/v2\/categories?post=596"},{"taxonomy":"post_tag","embeddable":true,"href":"https:\/\/wemigrants.com\/index.php\/wp-json\/wp\/v2\/tags?post=596"}],"curies":[{"name":"wp","href":"https:\/\/api.w.org\/{rel}","templated":true}]}}